{"id":124,"date":"2024-03-04T23:34:08","date_gmt":"2024-03-04T23:34:08","guid":{"rendered":"https:\/\/coparmexmorelos.org\/?p=124"},"modified":"2024-03-04T23:34:09","modified_gmt":"2024-03-04T23:34:09","slug":"en-coparmex-celebramos-que-este-ano-haya-animo-para-invertir-sin-embargo-nos-preocupa-que-la-inseguridad-este-afectando-los-procesos-y-el-desarrollo-de-las-empresas","status":"publish","type":"post","link":"https:\/\/coparmexmorelos.org\/index.php\/2024\/03\/04\/en-coparmex-celebramos-que-este-ano-haya-animo-para-invertir-sin-embargo-nos-preocupa-que-la-inseguridad-este-afectando-los-procesos-y-el-desarrollo-de-las-empresas\/","title":{"rendered":"En #Coparmex celebramos que este a\u00f1o haya \u00e1nimo para invertir, sin embargo nos preocupa que la inseguridad est\u00e9 afectando los procesos y el desarrollo de las empresas"},"content":{"rendered":"\n<p>Dos de cada tres socios a nivel nacional consideran crecer su negocio este a\u00f1o, principalmente a trav\u00e9s de la contrataci\u00f3n de m\u00e1s colaboradores; sin embargo, para hacerlo advierten como los mayores obst\u00e1culos: la incertidumbre econ\u00f3mica y pol\u00edtica, as\u00ed como falta de seguridad.<br>El 54.5% de los socios consultados han sido v\u00edctimas de alg\u00fan delito en el \u00faltimo a\u00f1o, un aumento de 4.3 puntos porcentuales con respecto al a\u00f1o anterior.<br>El 51.1% de los socios de COPARMEX consider\u00f3 que, en comparaci\u00f3n con el a\u00f1o anterior, ahora es un buen momento para realizar inversiones, esto de acuerdo con los resultados del indicador #\u00c1nimoparaInvertir que forma parte de la encuesta de #DataCoparmex relativa al tercer cuatrimestre del 2023, que fue presentada en conferencia de prensa encabezada por el presidente de la Confederaci\u00f3n, Jos\u00e9 Medina Mora Icaza.<\/p>\n\n\n\n<p>Adem\u00e1s, 2 de cada 3 socios a nivel nacional, consideran crecer su negocio este a\u00f1o, principalmente a trav\u00e9s de la contrataci\u00f3n de m\u00e1s colaboradores.<\/p>\n\n\n\n<p>Sin embargo, los socios de la Confederaci\u00f3n que fueron consultados, resaltaron que entre los principales obst\u00e1culos que enfrentan para hacer crecer su negocio est\u00e1n: la incertidumbre sobre el contexto econ\u00f3mico, con un 22%; y la inseguridad y la incertidumbre sobre el contexto pol\u00edtico, ambos con 19%.<\/p>\n\n\n\n<p>En esta edici\u00f3n de la encuesta se incluyeron preguntas para estimar los impactos del nearshoring. En cuanto a la exposici\u00f3n que tienen las empresas socias con empresas multinacionales, el 57% respondi\u00f3 que ha aumentado o que ha aumentado mucho, para el 36% se ha mantenido sin cambio y s\u00f3lo el 7% report\u00f3 que ha disminuido o ha disminuido mucho. Sin embargo, encontramos que solo 4 de cada 10 de empresas socias son proveedoras de empresas multinacionales.<\/p>\n\n\n\n<p>Tambi\u00e9n identificaron los obst\u00e1culos que no les permiten hacer nuevas alianzas. Con el 23%, el principal problema es la inseguridad y el Estado de Derecho, seguido de la falta de incentivos fiscales con el 19% y con el 17% la insuficiente mano de obra calificada.<\/p>\n\n\n\n<p>En cuanto al indicador #M\u00e1sSeguridad, los resultados muestran que el 54.5% de los socios consultados han sido v\u00edctimas de alg\u00fan delito en el \u00faltimo a\u00f1o. Lo relevante de esta \u00faltima medici\u00f3n es que se registra un aumento de 4.3 puntos porcentuales con respecto al a\u00f1o anterior, pues sube de 50.2 a 54.5%, lo que significa que, por lo menos, 1 de cada 2 empresas han sido v\u00edctimas de alg\u00fan delito en el \u00faltimo a\u00f1o y la cifra sigue creciendo.<\/p>\n\n\n\n<p>El delito m\u00e1s com\u00fan del que son v\u00edctimas los socios es el robo a mercanc\u00eda en tr\u00e1nsito con el 34%. En segundo lugar est\u00e1 la extorsi\u00f3n o cobro de piso en el que el 26% de los miembros fueron v\u00edctimas. Y en tercer lugar est\u00e1 el delito inform\u00e1tico que pas\u00f3 de 20% a 25%. En este sentido, entre los socios que fueron v\u00edctimas de alg\u00fan delito, el 57% report\u00f3 haber sido afectados con un delito y el 26% con dos, mientras que el 18% con tres o m\u00e1s delitos.<\/p>\n\n\n\n<p>Ante esta situaci\u00f3n, el 64% de los miembros de la Confederaci\u00f3n tuvieron que aumentar el gasto en medidas de seguridad tales como vigilancia o seguros en el caso de las mercanc\u00edas robadas.<\/p>\n\n\n\n<p>En cuanto al indicador #MarcajeAMiGobierno, apenas el 38.2% de los socios afirmaron que, en el \u00faltimo a\u00f1o, su gobierno estatal ha cumplido con los prop\u00f3sitos para los cuales fue electo. Entre las principales fallas de los gobiernos estatales se detect\u00f3 la inseguridad que alcanz\u00f3 el 25%, seguida de la corrupci\u00f3n con el 19%, en tercer lugar la infraestructura y servicios que lleg\u00f3 al 14% y la falta de apoyo al empresariado el 10%.<\/p>\n\n\n\n<p>Finalmente, en cuanto al indicador de #GastoRegulatorio, en 2023 hubo un incremento en el n\u00famero de socios que reportaron haber tenido un problema al realizar tr\u00e1mites gubernamentales, alcanzado el 55.5%; la media durante 2022 fue de 53.5%.<\/p>\n\n\n\n<p>De acuerdo con los miembros de Coparmex, el mayor problema al que se enfrentaron fueron los requisitos excesivos, seguido de la falta de claridad y que no les hayan proporcionado la informaci\u00f3n correcta.<\/p>\n\n\n\n<p>\u201cEstamos convencidos de que los resultados de #DataCoparmex son fundamentales para generar agendas p\u00fablicas locales y nacionales que permitan impulsar la inversi\u00f3n, la generaci\u00f3n de empleos y el emprendimiento\u201d, asegur\u00f3 el Presidente de la COPARMEX, quien estuvo acompa\u00f1ado en la conferencia de prensa por Gerardo Trejo Veytia, Secretario General de la Confederaci\u00f3n y Mylene Cano, Economista en Jefe.<\/p>\n\n\n\n<p>Los indicadores se actualizaron con m\u00e1s de 2 mil 500 encuestas realizadas a socios a nivel nacional e incluyen respuestas de empresas de todos tama\u00f1os y sectores.<\/p>\n","protected":false},"excerpt":{"rendered":"<p>Dos de cada tres socios a nivel nacional consideran crecer su negocio este a\u00f1o, principalmente a trav\u00e9s de la contrataci\u00f3n [&hellip;]<\/p>\n","protected":false},"author":1,"featured_media":125,"comment_status":"open","ping_status":"open","sticky":false,"template":"","format":"standard","meta":{"site-sidebar-layout":"default","site-content-layout":"","ast-site-content-layout":"default","site-content-style":"default","site-sidebar-style":"default","ast-global-header-display":"","ast-banner-title-visibility":"","ast-main-header-display":"","ast-hfb-above-header-display":"","ast-hfb-below-header-display":"","ast-hfb-mobile-header-display":"","site-post-title":"","ast-breadcrumbs-content":"","ast-featured-img":"","footer-sml-layout":"","ast-disable-related-posts":"","theme-transparent-header-meta":"","adv-header-id-meta":"","stick-header-meta":"","header-above-stick-meta":"","header-main-stick-meta":"","header-below-stick-meta":"","astra-migrate-meta-layouts":"default","ast-page-background-enabled":"default","ast-page-background-meta":{"desktop":{"background-color":"var(--ast-global-color-4)","background-image":"","background-repeat":"repeat","background-position":"center center","background-size":"auto","background-attachment":"scroll","background-type":"","background-media":"","overlay-type":"","overlay-color":"","overlay-opacity":"","overlay-gradient":""},"tablet":{"background-color":"","background-image":"","background-repeat":"repeat","background-position":"center center","background-size":"auto","background-attachment":"scroll","background-type":"","background-media":"","overlay-type":"","overlay-color":"","overlay-opacity":"","overlay-gradient":""},"mobile":{"background-color":"","background-image":"","background-repeat":"repeat","background-position":"center center","background-size":"auto","background-attachment":"scroll","background-type":"","background-media":"","overlay-type":"","overlay-color":"","overlay-opacity":"","overlay-gradient":""}},"ast-content-background-meta":{"desktop":{"background-color":"var(--ast-global-color-5)","background-image":"","background-repeat":"repeat","background-position":"center center","background-size":"auto","background-attachment":"scroll","background-type":"","background-media":"","overlay-type":"","overlay-color":"","overlay-opacity":"","overlay-gradient":""},"tablet":{"background-color":"var(--ast-global-color-5)","background-image":"","background-repeat":"repeat","background-position":"center center","background-size":"auto","background-attachment":"scroll","background-type":"","background-media":"","overlay-type":"","overlay-color":"","overlay-opacity":"","overlay-gradient":""},"mobile":{"background-color":"var(--ast-global-color-5)","background-image":"","background-repeat":"repeat","background-position":"center center","background-size":"auto","background-attachment":"scroll","background-type":"","background-media":"","overlay-type":"","overlay-color":"","overlay-opacity":"","overlay-gradient":""}},"footnotes":""},"categories":[1],"tags":[],"class_list":["post-124","post","type-post","status-publish","format-standard","has-post-thumbnail","hentry","category-uncategorized"],"yoast_head":"<!-- This site is optimized with the Yoast SEO plugin v22.1 - https:\/\/yoast.com\/wordpress\/plugins\/seo\/ -->\n<title>En #Coparmex celebramos que este a\u00f1o haya \u00e1nimo para invertir, sin embargo nos preocupa que la inseguridad est\u00e9 afectando los procesos y el desarrollo de las empresas - COPARMEX MORELOS<\/title>\n<meta name=\"robots\" content=\"index, follow, max-snippet:-1, max-image-preview:large, max-video-preview:-1\" \/>\n<link rel=\"canonical\" href=\"https:\/\/coparmexmorelos.org\/index.php\/2024\/03\/04\/en-coparmex-celebramos-que-este-ano-haya-animo-para-invertir-sin-embargo-nos-preocupa-que-la-inseguridad-este-afectando-los-procesos-y-el-desarrollo-de-las-empresas\/\" \/>\n<meta property=\"og:locale\" content=\"en_US\" \/>\n<meta property=\"og:type\" content=\"article\" \/>\n<meta property=\"og:title\" content=\"En #Coparmex celebramos que este a\u00f1o haya \u00e1nimo para invertir, sin embargo nos preocupa que la inseguridad est\u00e9 afectando los procesos y el desarrollo de las empresas - COPARMEX MORELOS\" \/>\n<meta property=\"og:description\" content=\"Dos de cada tres socios a nivel nacional consideran crecer su negocio este a\u00f1o, principalmente a trav\u00e9s de la contrataci\u00f3n [&hellip;]\" \/>\n<meta property=\"og:url\" content=\"https:\/\/coparmexmorelos.org\/index.php\/2024\/03\/04\/en-coparmex-celebramos-que-este-ano-haya-animo-para-invertir-sin-embargo-nos-preocupa-que-la-inseguridad-este-afectando-los-procesos-y-el-desarrollo-de-las-empresas\/\" \/>\n<meta property=\"og:site_name\" content=\"COPARMEX MORELOS\" \/>\n<meta property=\"article:published_time\" content=\"2024-03-04T23:34:08+00:00\" \/>\n<meta property=\"article:modified_time\" content=\"2024-03-04T23:34:09+00:00\" \/>\n<meta property=\"og:image\" content=\"https:\/\/coparmexmorelos.org\/wp-content\/uploads\/2024\/03\/Comunicado_Data_CPX-Web-1024x434-1.jpg\" \/>\n\t<meta property=\"og:image:width\" content=\"1024\" \/>\n\t<meta property=\"og:image:height\" content=\"434\" \/>\n\t<meta property=\"og:image:type\" content=\"image\/jpeg\" \/>\n<meta name=\"author\" content=\"admin\" \/>\n<meta name=\"twitter:card\" content=\"summary_large_image\" \/>\n<meta name=\"twitter:label1\" content=\"Written by\" \/>\n\t<meta name=\"twitter:data1\" content=\"admin\" \/>\n\t<meta name=\"twitter:label2\" content=\"Est. reading time\" \/>\n\t<meta name=\"twitter:data2\" content=\"4 minutes\" \/>\n<script type=\"application\/ld+json\" class=\"yoast-schema-graph\">{\"@context\":\"https:\/\/schema.org\",\"@graph\":[{\"@type\":\"Article\",\"@id\":\"https:\/\/coparmexmorelos.org\/index.php\/2024\/03\/04\/en-coparmex-celebramos-que-este-ano-haya-animo-para-invertir-sin-embargo-nos-preocupa-que-la-inseguridad-este-afectando-los-procesos-y-el-desarrollo-de-las-empresas\/#article\",\"isPartOf\":{\"@id\":\"https:\/\/coparmexmorelos.org\/index.php\/2024\/03\/04\/en-coparmex-celebramos-que-este-ano-haya-animo-para-invertir-sin-embargo-nos-preocupa-que-la-inseguridad-este-afectando-los-procesos-y-el-desarrollo-de-las-empresas\/\"},\"author\":{\"name\":\"admin\",\"@id\":\"https:\/\/coparmexmorelos.org\/#\/schema\/person\/3887d0383b934ae108611aa9946bc7d8\"},\"headline\":\"En #Coparmex celebramos que este a\u00f1o haya \u00e1nimo para invertir, sin embargo nos preocupa que la inseguridad est\u00e9 afectando los procesos y el desarrollo de las empresas\",\"datePublished\":\"2024-03-04T23:34:08+00:00\",\"dateModified\":\"2024-03-04T23:34:09+00:00\",\"mainEntityOfPage\":{\"@id\":\"https:\/\/coparmexmorelos.org\/index.php\/2024\/03\/04\/en-coparmex-celebramos-que-este-ano-haya-animo-para-invertir-sin-embargo-nos-preocupa-que-la-inseguridad-este-afectando-los-procesos-y-el-desarrollo-de-las-empresas\/\"},\"wordCount\":804,\"commentCount\":0,\"publisher\":{\"@id\":\"https:\/\/coparmexmorelos.org\/#organization\"},\"inLanguage\":\"en-US\",\"potentialAction\":[{\"@type\":\"CommentAction\",\"name\":\"Comment\",\"target\":[\"https:\/\/coparmexmorelos.org\/index.php\/2024\/03\/04\/en-coparmex-celebramos-que-este-ano-haya-animo-para-invertir-sin-embargo-nos-preocupa-que-la-inseguridad-este-afectando-los-procesos-y-el-desarrollo-de-las-empresas\/#respond\"]}]},{\"@type\":\"WebPage\",\"@id\":\"https:\/\/coparmexmorelos.org\/index.php\/2024\/03\/04\/en-coparmex-celebramos-que-este-ano-haya-animo-para-invertir-sin-embargo-nos-preocupa-que-la-inseguridad-este-afectando-los-procesos-y-el-desarrollo-de-las-empresas\/\",\"url\":\"https:\/\/coparmexmorelos.org\/index.php\/2024\/03\/04\/en-coparmex-celebramos-que-este-ano-haya-animo-para-invertir-sin-embargo-nos-preocupa-que-la-inseguridad-este-afectando-los-procesos-y-el-desarrollo-de-las-empresas\/\",\"name\":\"En #Coparmex celebramos que este a\u00f1o haya \u00e1nimo para invertir, sin embargo nos preocupa que la inseguridad est\u00e9 afectando los procesos y el desarrollo de las empresas - COPARMEX MORELOS\",\"isPartOf\":{\"@id\":\"https:\/\/coparmexmorelos.org\/#website\"},\"datePublished\":\"2024-03-04T23:34:08+00:00\",\"dateModified\":\"2024-03-04T23:34:09+00:00\",\"breadcrumb\":{\"@id\":\"https:\/\/coparmexmorelos.org\/index.php\/2024\/03\/04\/en-coparmex-celebramos-que-este-ano-haya-animo-para-invertir-sin-embargo-nos-preocupa-que-la-inseguridad-este-afectando-los-procesos-y-el-desarrollo-de-las-empresas\/#breadcrumb\"},\"inLanguage\":\"en-US\",\"potentialAction\":[{\"@type\":\"ReadAction\",\"target\":[\"https:\/\/coparmexmorelos.org\/index.php\/2024\/03\/04\/en-coparmex-celebramos-que-este-ano-haya-animo-para-invertir-sin-embargo-nos-preocupa-que-la-inseguridad-este-afectando-los-procesos-y-el-desarrollo-de-las-empresas\/\"]}]},{\"@type\":\"BreadcrumbList\",\"@id\":\"https:\/\/coparmexmorelos.org\/index.php\/2024\/03\/04\/en-coparmex-celebramos-que-este-ano-haya-animo-para-invertir-sin-embargo-nos-preocupa-que-la-inseguridad-este-afectando-los-procesos-y-el-desarrollo-de-las-empresas\/#breadcrumb\",\"itemListElement\":[{\"@type\":\"ListItem\",\"position\":1,\"name\":\"Home\",\"item\":\"https:\/\/coparmexmorelos.org\/\"},{\"@type\":\"ListItem\",\"position\":2,\"name\":\"En #Coparmex celebramos que este a\u00f1o haya \u00e1nimo para invertir, sin embargo nos preocupa que la inseguridad est\u00e9 afectando los procesos y el desarrollo de las empresas\"}]},{\"@type\":\"WebSite\",\"@id\":\"https:\/\/coparmexmorelos.org\/#website\",\"url\":\"https:\/\/coparmexmorelos.org\/\",\"name\":\"COPARMEX MORELOS\",\"description\":\"\",\"publisher\":{\"@id\":\"https:\/\/coparmexmorelos.org\/#organization\"},\"potentialAction\":[{\"@type\":\"SearchAction\",\"target\":{\"@type\":\"EntryPoint\",\"urlTemplate\":\"https:\/\/coparmexmorelos.org\/?s={search_term_string}\"},\"query-input\":\"required name=search_term_string\"}],\"inLanguage\":\"en-US\"},{\"@type\":\"Organization\",\"@id\":\"https:\/\/coparmexmorelos.org\/#organization\",\"name\":\"COPARMEX MORELOS\",\"url\":\"https:\/\/coparmexmorelos.org\/\",\"logo\":{\"@type\":\"ImageObject\",\"inLanguage\":\"en-US\",\"@id\":\"https:\/\/coparmexmorelos.org\/#\/schema\/logo\/image\/\",\"url\":\"https:\/\/coparmexmorelos.org\/wp-content\/uploads\/2024\/03\/Logo-coparmex.png\",\"contentUrl\":\"https:\/\/coparmexmorelos.org\/wp-content\/uploads\/2024\/03\/Logo-coparmex.png\",\"width\":1728,\"height\":329,\"caption\":\"COPARMEX MORELOS\"},\"image\":{\"@id\":\"https:\/\/coparmexmorelos.org\/#\/schema\/logo\/image\/\"}},{\"@type\":\"Person\",\"@id\":\"https:\/\/coparmexmorelos.org\/#\/schema\/person\/3887d0383b934ae108611aa9946bc7d8\",\"name\":\"admin\",\"image\":{\"@type\":\"ImageObject\",\"inLanguage\":\"en-US\",\"@id\":\"https:\/\/coparmexmorelos.org\/#\/schema\/person\/image\/\",\"url\":\"https:\/\/secure.gravatar.com\/avatar\/4d4c93266e2b5a580c331f0f44a830c851e844c7d941bf592cb74481195685f6?s=96&d=mm&r=g\",\"contentUrl\":\"https:\/\/secure.gravatar.com\/avatar\/4d4c93266e2b5a580c331f0f44a830c851e844c7d941bf592cb74481195685f6?s=96&d=mm&r=g\",\"caption\":\"admin\"},\"sameAs\":[\"https:\/\/coparmexmorelos.org\"],\"url\":\"https:\/\/coparmexmorelos.org\/index.php\/author\/root_443ssh93_coparmex\/\"}]}<\/script>\n<!-- \/ Yoast SEO plugin. -->","yoast_head_json":{"title":"En #Coparmex celebramos que este a\u00f1o haya \u00e1nimo para invertir, sin embargo nos preocupa que la inseguridad est\u00e9 afectando los procesos y el desarrollo de las empresas - COPARMEX MORELOS","robots":{"index":"index","follow":"follow","max-snippet":"max-snippet:-1","max-image-preview":"max-image-preview:large","max-video-preview":"max-video-preview:-1"},"canonical":"https:\/\/coparmexmorelos.org\/index.php\/2024\/03\/04\/en-coparmex-celebramos-que-este-ano-haya-animo-para-invertir-sin-embargo-nos-preocupa-que-la-inseguridad-este-afectando-los-procesos-y-el-desarrollo-de-las-empresas\/","og_locale":"en_US","og_type":"article","og_title":"En #Coparmex celebramos que este a\u00f1o haya \u00e1nimo para invertir, sin embargo nos preocupa que la inseguridad est\u00e9 afectando los procesos y el desarrollo de las empresas - COPARMEX MORELOS","og_description":"Dos de cada tres socios a nivel nacional consideran crecer su negocio este a\u00f1o, principalmente a trav\u00e9s de la contrataci\u00f3n [&hellip;]","og_url":"https:\/\/coparmexmorelos.org\/index.php\/2024\/03\/04\/en-coparmex-celebramos-que-este-ano-haya-animo-para-invertir-sin-embargo-nos-preocupa-que-la-inseguridad-este-afectando-los-procesos-y-el-desarrollo-de-las-empresas\/","og_site_name":"COPARMEX MORELOS","article_published_time":"2024-03-04T23:34:08+00:00","article_modified_time":"2024-03-04T23:34:09+00:00","og_image":[{"width":1024,"height":434,"url":"https:\/\/coparmexmorelos.org\/wp-content\/uploads\/2024\/03\/Comunicado_Data_CPX-Web-1024x434-1.jpg","type":"image\/jpeg"}],"author":"admin","twitter_card":"summary_large_image","twitter_misc":{"Written by":"admin","Est. reading time":"4 minutes"},"schema":{"@context":"https:\/\/schema.org","@graph":[{"@type":"Article","@id":"https:\/\/coparmexmorelos.org\/index.php\/2024\/03\/04\/en-coparmex-celebramos-que-este-ano-haya-animo-para-invertir-sin-embargo-nos-preocupa-que-la-inseguridad-este-afectando-los-procesos-y-el-desarrollo-de-las-empresas\/#article","isPartOf":{"@id":"https:\/\/coparmexmorelos.org\/index.php\/2024\/03\/04\/en-coparmex-celebramos-que-este-ano-haya-animo-para-invertir-sin-embargo-nos-preocupa-que-la-inseguridad-este-afectando-los-procesos-y-el-desarrollo-de-las-empresas\/"},"author":{"name":"admin","@id":"https:\/\/coparmexmorelos.org\/#\/schema\/person\/3887d0383b934ae108611aa9946bc7d8"},"headline":"En #Coparmex celebramos que este a\u00f1o haya \u00e1nimo para invertir, sin embargo nos preocupa que la inseguridad est\u00e9 afectando los procesos y el desarrollo de las empresas","datePublished":"2024-03-04T23:34:08+00:00","dateModified":"2024-03-04T23:34:09+00:00","mainEntityOfPage":{"@id":"https:\/\/coparmexmorelos.org\/index.php\/2024\/03\/04\/en-coparmex-celebramos-que-este-ano-haya-animo-para-invertir-sin-embargo-nos-preocupa-que-la-inseguridad-este-afectando-los-procesos-y-el-desarrollo-de-las-empresas\/"},"wordCount":804,"commentCount":0,"publisher":{"@id":"https:\/\/coparmexmorelos.org\/#organization"},"inLanguage":"en-US","potentialAction":[{"@type":"CommentAction","name":"Comment","target":["https:\/\/coparmexmorelos.org\/index.php\/2024\/03\/04\/en-coparmex-celebramos-que-este-ano-haya-animo-para-invertir-sin-embargo-nos-preocupa-que-la-inseguridad-este-afectando-los-procesos-y-el-desarrollo-de-las-empresas\/#respond"]}]},{"@type":"WebPage","@id":"https:\/\/coparmexmorelos.org\/index.php\/2024\/03\/04\/en-coparmex-celebramos-que-este-ano-haya-animo-para-invertir-sin-embargo-nos-preocupa-que-la-inseguridad-este-afectando-los-procesos-y-el-desarrollo-de-las-empresas\/","url":"https:\/\/coparmexmorelos.org\/index.php\/2024\/03\/04\/en-coparmex-celebramos-que-este-ano-haya-animo-para-invertir-sin-embargo-nos-preocupa-que-la-inseguridad-este-afectando-los-procesos-y-el-desarrollo-de-las-empresas\/","name":"En #Coparmex celebramos que este a\u00f1o haya \u00e1nimo para invertir, sin embargo nos preocupa que la inseguridad est\u00e9 afectando los procesos y el desarrollo de las empresas - COPARMEX MORELOS","isPartOf":{"@id":"https:\/\/coparmexmorelos.org\/#website"},"datePublished":"2024-03-04T23:34:08+00:00","dateModified":"2024-03-04T23:34:09+00:00","breadcrumb":{"@id":"https:\/\/coparmexmorelos.org\/index.php\/2024\/03\/04\/en-coparmex-celebramos-que-este-ano-haya-animo-para-invertir-sin-embargo-nos-preocupa-que-la-inseguridad-este-afectando-los-procesos-y-el-desarrollo-de-las-empresas\/#breadcrumb"},"inLanguage":"en-US","potentialAction":[{"@type":"ReadAction","target":["https:\/\/coparmexmorelos.org\/index.php\/2024\/03\/04\/en-coparmex-celebramos-que-este-ano-haya-animo-para-invertir-sin-embargo-nos-preocupa-que-la-inseguridad-este-afectando-los-procesos-y-el-desarrollo-de-las-empresas\/"]}]},{"@type":"BreadcrumbList","@id":"https:\/\/coparmexmorelos.org\/index.php\/2024\/03\/04\/en-coparmex-celebramos-que-este-ano-haya-animo-para-invertir-sin-embargo-nos-preocupa-que-la-inseguridad-este-afectando-los-procesos-y-el-desarrollo-de-las-empresas\/#breadcrumb","itemListElement":[{"@type":"ListItem","position":1,"name":"Home","item":"https:\/\/coparmexmorelos.org\/"},{"@type":"ListItem","position":2,"name":"En #Coparmex celebramos que este a\u00f1o haya \u00e1nimo para invertir, sin embargo nos preocupa que la inseguridad est\u00e9 afectando los procesos y el desarrollo de las empresas"}]},{"@type":"WebSite","@id":"https:\/\/coparmexmorelos.org\/#website","url":"https:\/\/coparmexmorelos.org\/","name":"COPARMEX MORELOS","description":"","publisher":{"@id":"https:\/\/coparmexmorelos.org\/#organization"},"potentialAction":[{"@type":"SearchAction","target":{"@type":"EntryPoint","urlTemplate":"https:\/\/coparmexmorelos.org\/?s={search_term_string}"},"query-input":"required name=search_term_string"}],"inLanguage":"en-US"},{"@type":"Organization","@id":"https:\/\/coparmexmorelos.org\/#organization","name":"COPARMEX MORELOS","url":"https:\/\/coparmexmorelos.org\/","logo":{"@type":"ImageObject","inLanguage":"en-US","@id":"https:\/\/coparmexmorelos.org\/#\/schema\/logo\/image\/","url":"https:\/\/coparmexmorelos.org\/wp-content\/uploads\/2024\/03\/Logo-coparmex.png","contentUrl":"https:\/\/coparmexmorelos.org\/wp-content\/uploads\/2024\/03\/Logo-coparmex.png","width":1728,"height":329,"caption":"COPARMEX MORELOS"},"image":{"@id":"https:\/\/coparmexmorelos.org\/#\/schema\/logo\/image\/"}},{"@type":"Person","@id":"https:\/\/coparmexmorelos.org\/#\/schema\/person\/3887d0383b934ae108611aa9946bc7d8","name":"admin","image":{"@type":"ImageObject","inLanguage":"en-US","@id":"https:\/\/coparmexmorelos.org\/#\/schema\/person\/image\/","url":"https:\/\/secure.gravatar.com\/avatar\/4d4c93266e2b5a580c331f0f44a830c851e844c7d941bf592cb74481195685f6?s=96&d=mm&r=g","contentUrl":"https:\/\/secure.gravatar.com\/avatar\/4d4c93266e2b5a580c331f0f44a830c851e844c7d941bf592cb74481195685f6?s=96&d=mm&r=g","caption":"admin"},"sameAs":["https:\/\/coparmexmorelos.org"],"url":"https:\/\/coparmexmorelos.org\/index.php\/author\/root_443ssh93_coparmex\/"}]}},"_links":{"self":[{"href":"https:\/\/coparmexmorelos.org\/index.php\/wp-json\/wp\/v2\/posts\/124","targetHints":{"allow":["GET"]}}],"collection":[{"href":"https:\/\/coparmexmorelos.org\/index.php\/wp-json\/wp\/v2\/posts"}],"about":[{"href":"https:\/\/coparmexmorelos.org\/index.php\/wp-json\/wp\/v2\/types\/post"}],"author":[{"embeddable":true,"href":"https:\/\/coparmexmorelos.org\/index.php\/wp-json\/wp\/v2\/users\/1"}],"replies":[{"embeddable":true,"href":"https:\/\/coparmexmorelos.org\/index.php\/wp-json\/wp\/v2\/comments?post=124"}],"version-history":[{"count":1,"href":"https:\/\/coparmexmorelos.org\/index.php\/wp-json\/wp\/v2\/posts\/124\/revisions"}],"predecessor-version":[{"id":126,"href":"https:\/\/coparmexmorelos.org\/index.php\/wp-json\/wp\/v2\/posts\/124\/revisions\/126"}],"wp:featuredmedia":[{"embeddable":true,"href":"https:\/\/coparmexmorelos.org\/index.php\/wp-json\/wp\/v2\/media\/125"}],"wp:attachment":[{"href":"https:\/\/coparmexmorelos.org\/index.php\/wp-json\/wp\/v2\/media?parent=124"}],"wp:term":[{"taxonomy":"category","embeddable":true,"href":"https:\/\/coparmexmorelos.org\/index.php\/wp-json\/wp\/v2\/categories?post=124"},{"taxonomy":"post_tag","embeddable":true,"href":"https:\/\/coparmexmorelos.org\/index.php\/wp-json\/wp\/v2\/tags?post=124"}],"curies":[{"name":"wp","href":"https:\/\/api.w.org\/{rel}","templated":true}]}}