{"id":121,"date":"2024-03-04T23:33:17","date_gmt":"2024-03-04T23:33:17","guid":{"rendered":"https:\/\/coparmexmorelos.org\/?p=121"},"modified":"2024-03-04T23:33:17","modified_gmt":"2024-03-04T23:33:17","slug":"alamos-el-debate-no-es-derecha-o-izquierda-sino-dictadura-o-libertad","status":"publish","type":"post","link":"https:\/\/coparmexmorelos.org\/index.php\/2024\/03\/04\/alamos-el-debate-no-es-derecha-o-izquierda-sino-dictadura-o-libertad\/","title":{"rendered":"\u00c1lamos: el debate no es derecha o izquierda, sino dictadura o libertad"},"content":{"rendered":"\n<p>\u00c1LAMOS, Sonora.- En esta poblaci\u00f3n, que en alguna \u00e9poca fue capital del Estado de Occidente y que comprend\u00eda los actuales estados de Sonora y Sinaloa, se realiza de manera anual el evento de \u00c1lamos Alliance. El mismo lo organiza Roberto Salinas, siendo en esta ocasi\u00f3n el XXXI y re\u00fane a diferentes acad\u00e9micos, economistas, funcionarios y exfuncionarios de distintos gobiernos que vienen a este lugar, de distintas partes del mundo, para intercambiar experiencias y avances en las distintas econom\u00edas y en la libertad de los individuos.<\/p>\n\n\n\n<p>Es oportuno enfatizar que existe una gran confusi\u00f3n sobre lo que significa el llamado liberalismo, ya que la palabra tiene distintos significados, dependiendo de la parte del mundo en que se usa. Mientras que en Am\u00e9rica y en Estados Unidos tiene un concepto m\u00e1s de tendencia social de apoyo a los sectores m\u00e1s necesitados, en Europa un gobierno liberal es aquel que busca eliminar trabas y restricciones a la sociedad, a los particulares y en general a los procesos productivos para que puedan tomar mejores decisiones.<\/p>\n\n\n\n<p>En este evento de \u00c1lamos se re\u00fanen de manera anual, aquellos que piensan que la verdadera discusi\u00f3n no deber\u00eda ser si los gobiernos son de derecha o de izquierda, ya que en ambos casos pueden desembocar en dictaduras. La verdadera alternativa que tienen las naciones es si siguen una estrategia de mayor y creciente restricci\u00f3n y control de los medios de producci\u00f3n y de los consumidores o si se otorga una mayor libertad a las personas para que, en un entorno de seguridad y libertad, puedan emprender sus diversas actividades.<\/p>\n\n\n\n<p>En las distintas reuniones que se tuvieron, durante varios d\u00edas, se enfatiz\u00f3 c\u00f3mo en todos los casos donde se han logrado liberar las fuerzas de los mercados y los individuos cuentan con mayor libertad para producir y consumir se tiene un incremento relevante en el bienestar de las poblaciones. Esto, ya sea medido por crecimiento econ\u00f3mico, por reducci\u00f3n de la pobreza o por el incremento en el poder de compra de los individuos. Lo anterior se confirma tanto en Am\u00e9rica Latina como en Europa y Norteam\u00e9rica. Es muy relevante el caso de los pa\u00edses asi\u00e1ticos, donde destaca el avance extraordinario que ha tenido China en las \u00faltimas d\u00e9cadas, una vez que se eliminaran las trabas que impon\u00eda el sistema comunista y se permiti\u00f3 que una parte del pa\u00eds funcionara bajo un esquema de mayor libertad de los mercados. Es tambi\u00e9n \u00fatil ver el caso de Vietnam en las pasadas d\u00e9cadas y resaltar el caso actual de la India. En Am\u00e9rica Latina preocupa el estancamiento y deterioro de la econom\u00eda argentina, debido a su d\u00e9ficit fiscal, que la ha llevado a tener la mayor inflaci\u00f3n del mundo, junto con Venezuela. Resalta de manera relevante el caso de M\u00e9xico durante el periodo de desarrollo estabilizador en la d\u00e9cada de los 50 y 60, cuando se lograron crecimientos superiores al 6 por ciento, con una inflaci\u00f3n inferior al 2 por ciento.<\/p>\n\n\n\n<p>La resistencia para permitir un mayor grado de libertad a los individuos proviene tanto de gobiernos que se denominan de izquierda o derecha, que no quieren reducir su poder o incluso acrecentarlo, as\u00ed como de seudoempresarios que desean mantener sus monopolios o contratos exclusivos con los distintos gobiernos. Asimismo, existen aquellos que piensan que las econom\u00edas se deben mantener cerradas al comercio internacional y as\u00ed evitar la competencia de otras partes del mundo. Esto \u00faltimo tiene gran aceptaci\u00f3n en diversos sectores en los Estados Unidos.<\/p>\n\n\n\n<p>En esta reuni\u00f3n el exsenador de los Estados Unidos, Phil Graham, lo defini\u00f3 de manera muy clara al decir que los sistemas econ\u00f3micos deber\u00edan de funcionar alrededor de darle mayor poder de compra a los consumidores y a sus decisiones, para que los puedan tomar en un entorno de libertad.<\/p>\n","protected":false},"excerpt":{"rendered":"<p>\u00c1LAMOS, Sonora.- En esta poblaci\u00f3n, que en alguna \u00e9poca fue capital del Estado de Occidente y que comprend\u00eda los actuales [&hellip;]<\/p>\n","protected":false},"author":1,"featured_media":122,"comment_status":"open","ping_status":"open","sticky":false,"template":"","format":"standard","meta":{"site-sidebar-layout":"default","site-content-layout":"","ast-site-content-layout":"default","site-content-style":"default","site-sidebar-style":"default","ast-global-header-display":"","ast-banner-title-visibility":"","ast-main-header-display":"","ast-hfb-above-header-display":"","ast-hfb-below-header-display":"","ast-hfb-mobile-header-display":"","site-post-title":"","ast-breadcrumbs-content":"","ast-featured-img":"","footer-sml-layout":"","ast-disable-related-posts":"","theme-transparent-header-meta":"","adv-header-id-meta":"","stick-header-meta":"","header-above-stick-meta":"","header-main-stick-meta":"","header-below-stick-meta":"","astra-migrate-meta-layouts":"default","ast-page-background-enabled":"default","ast-page-background-meta":{"desktop":{"background-color":"var(--ast-global-color-4)","background-image":"","background-repeat":"repeat","background-position":"center center","background-size":"auto","background-attachment":"scroll","background-type":"","background-media":"","overlay-type":"","overlay-color":"","overlay-opacity":"","overlay-gradient":""},"tablet":{"background-color":"","background-image":"","background-repeat":"repeat","background-position":"center center","background-size":"auto","background-attachment":"scroll","background-type":"","background-media":"","overlay-type":"","overlay-color":"","overlay-opacity":"","overlay-gradient":""},"mobile":{"background-color":"","background-image":"","background-repeat":"repeat","background-position":"center center","background-size":"auto","background-attachment":"scroll","background-type":"","background-media":"","overlay-type":"","overlay-color":"","overlay-opacity":"","overlay-gradient":""}},"ast-content-background-meta":{"desktop":{"background-color":"var(--ast-global-color-5)","background-image":"","background-repeat":"repeat","background-position":"center center","background-size":"auto","background-attachment":"scroll","background-type":"","background-media":"","overlay-type":"","overlay-color":"","overlay-opacity":"","overlay-gradient":""},"tablet":{"background-color":"var(--ast-global-color-5)","background-image":"","background-repeat":"repeat","background-position":"center center","background-size":"auto","background-attachment":"scroll","background-type":"","background-media":"","overlay-type":"","overlay-color":"","overlay-opacity":"","overlay-gradient":""},"mobile":{"background-color":"var(--ast-global-color-5)","background-image":"","background-repeat":"repeat","background-position":"center center","background-size":"auto","background-attachment":"scroll","background-type":"","background-media":"","overlay-type":"","overlay-color":"","overlay-opacity":"","overlay-gradient":""}},"footnotes":""},"categories":[1],"tags":[],"class_list":["post-121","post","type-post","status-publish","format-standard","has-post-thumbnail","hentry","category-uncategorized"],"yoast_head":"<!-- This site is optimized with the Yoast SEO plugin v22.1 - https:\/\/yoast.com\/wordpress\/plugins\/seo\/ -->\n<title>\u00c1lamos: el debate no es derecha o izquierda, sino dictadura o libertad - COPARMEX MORELOS<\/title>\n<meta name=\"robots\" content=\"index, follow, max-snippet:-1, max-image-preview:large, max-video-preview:-1\" \/>\n<link rel=\"canonical\" href=\"https:\/\/coparmexmorelos.org\/index.php\/2024\/03\/04\/alamos-el-debate-no-es-derecha-o-izquierda-sino-dictadura-o-libertad\/\" \/>\n<meta property=\"og:locale\" content=\"en_US\" \/>\n<meta property=\"og:type\" content=\"article\" \/>\n<meta property=\"og:title\" content=\"\u00c1lamos: el debate no es derecha o izquierda, sino dictadura o libertad - COPARMEX MORELOS\" \/>\n<meta property=\"og:description\" content=\"\u00c1LAMOS, Sonora.- En esta poblaci\u00f3n, que en alguna \u00e9poca fue capital del Estado de Occidente y que comprend\u00eda los actuales [&hellip;]\" \/>\n<meta property=\"og:url\" content=\"https:\/\/coparmexmorelos.org\/index.php\/2024\/03\/04\/alamos-el-debate-no-es-derecha-o-izquierda-sino-dictadura-o-libertad\/\" \/>\n<meta property=\"og:site_name\" content=\"COPARMEX MORELOS\" \/>\n<meta property=\"article:published_time\" content=\"2024-03-04T23:33:17+00:00\" \/>\n<meta property=\"og:image\" content=\"https:\/\/coparmexmorelos.org\/wp-content\/uploads\/2024\/03\/Articulo_ElFinanciero_Benito_Solis_web-1-1024x434-1.jpg\" \/>\n\t<meta property=\"og:image:width\" content=\"1024\" \/>\n\t<meta property=\"og:image:height\" content=\"434\" \/>\n\t<meta property=\"og:image:type\" content=\"image\/jpeg\" \/>\n<meta name=\"author\" content=\"admin\" \/>\n<meta name=\"twitter:card\" content=\"summary_large_image\" \/>\n<meta name=\"twitter:label1\" content=\"Written by\" \/>\n\t<meta name=\"twitter:data1\" content=\"admin\" \/>\n\t<meta name=\"twitter:label2\" content=\"Est. reading time\" \/>\n\t<meta name=\"twitter:data2\" content=\"3 minutes\" \/>\n<script type=\"application\/ld+json\" class=\"yoast-schema-graph\">{\"@context\":\"https:\/\/schema.org\",\"@graph\":[{\"@type\":\"Article\",\"@id\":\"https:\/\/coparmexmorelos.org\/index.php\/2024\/03\/04\/alamos-el-debate-no-es-derecha-o-izquierda-sino-dictadura-o-libertad\/#article\",\"isPartOf\":{\"@id\":\"https:\/\/coparmexmorelos.org\/index.php\/2024\/03\/04\/alamos-el-debate-no-es-derecha-o-izquierda-sino-dictadura-o-libertad\/\"},\"author\":{\"name\":\"admin\",\"@id\":\"https:\/\/coparmexmorelos.org\/#\/schema\/person\/3887d0383b934ae108611aa9946bc7d8\"},\"headline\":\"\u00c1lamos: el debate no es derecha o izquierda, sino dictadura o libertad\",\"datePublished\":\"2024-03-04T23:33:17+00:00\",\"dateModified\":\"2024-03-04T23:33:17+00:00\",\"mainEntityOfPage\":{\"@id\":\"https:\/\/coparmexmorelos.org\/index.php\/2024\/03\/04\/alamos-el-debate-no-es-derecha-o-izquierda-sino-dictadura-o-libertad\/\"},\"wordCount\":673,\"commentCount\":0,\"publisher\":{\"@id\":\"https:\/\/coparmexmorelos.org\/#organization\"},\"inLanguage\":\"en-US\",\"potentialAction\":[{\"@type\":\"CommentAction\",\"name\":\"Comment\",\"target\":[\"https:\/\/coparmexmorelos.org\/index.php\/2024\/03\/04\/alamos-el-debate-no-es-derecha-o-izquierda-sino-dictadura-o-libertad\/#respond\"]}]},{\"@type\":\"WebPage\",\"@id\":\"https:\/\/coparmexmorelos.org\/index.php\/2024\/03\/04\/alamos-el-debate-no-es-derecha-o-izquierda-sino-dictadura-o-libertad\/\",\"url\":\"https:\/\/coparmexmorelos.org\/index.php\/2024\/03\/04\/alamos-el-debate-no-es-derecha-o-izquierda-sino-dictadura-o-libertad\/\",\"name\":\"\u00c1lamos: el debate no es derecha o izquierda, sino dictadura o libertad - COPARMEX MORELOS\",\"isPartOf\":{\"@id\":\"https:\/\/coparmexmorelos.org\/#website\"},\"datePublished\":\"2024-03-04T23:33:17+00:00\",\"dateModified\":\"2024-03-04T23:33:17+00:00\",\"breadcrumb\":{\"@id\":\"https:\/\/coparmexmorelos.org\/index.php\/2024\/03\/04\/alamos-el-debate-no-es-derecha-o-izquierda-sino-dictadura-o-libertad\/#breadcrumb\"},\"inLanguage\":\"en-US\",\"potentialAction\":[{\"@type\":\"ReadAction\",\"target\":[\"https:\/\/coparmexmorelos.org\/index.php\/2024\/03\/04\/alamos-el-debate-no-es-derecha-o-izquierda-sino-dictadura-o-libertad\/\"]}]},{\"@type\":\"BreadcrumbList\",\"@id\":\"https:\/\/coparmexmorelos.org\/index.php\/2024\/03\/04\/alamos-el-debate-no-es-derecha-o-izquierda-sino-dictadura-o-libertad\/#breadcrumb\",\"itemListElement\":[{\"@type\":\"ListItem\",\"position\":1,\"name\":\"Home\",\"item\":\"https:\/\/coparmexmorelos.org\/\"},{\"@type\":\"ListItem\",\"position\":2,\"name\":\"\u00c1lamos: el debate no es derecha o izquierda, sino dictadura o libertad\"}]},{\"@type\":\"WebSite\",\"@id\":\"https:\/\/coparmexmorelos.org\/#website\",\"url\":\"https:\/\/coparmexmorelos.org\/\",\"name\":\"COPARMEX MORELOS\",\"description\":\"\",\"publisher\":{\"@id\":\"https:\/\/coparmexmorelos.org\/#organization\"},\"potentialAction\":[{\"@type\":\"SearchAction\",\"target\":{\"@type\":\"EntryPoint\",\"urlTemplate\":\"https:\/\/coparmexmorelos.org\/?s={search_term_string}\"},\"query-input\":\"required name=search_term_string\"}],\"inLanguage\":\"en-US\"},{\"@type\":\"Organization\",\"@id\":\"https:\/\/coparmexmorelos.org\/#organization\",\"name\":\"COPARMEX MORELOS\",\"url\":\"https:\/\/coparmexmorelos.org\/\",\"logo\":{\"@type\":\"ImageObject\",\"inLanguage\":\"en-US\",\"@id\":\"https:\/\/coparmexmorelos.org\/#\/schema\/logo\/image\/\",\"url\":\"https:\/\/coparmexmorelos.org\/wp-content\/uploads\/2024\/03\/Logo-coparmex.png\",\"contentUrl\":\"https:\/\/coparmexmorelos.org\/wp-content\/uploads\/2024\/03\/Logo-coparmex.png\",\"width\":1728,\"height\":329,\"caption\":\"COPARMEX MORELOS\"},\"image\":{\"@id\":\"https:\/\/coparmexmorelos.org\/#\/schema\/logo\/image\/\"}},{\"@type\":\"Person\",\"@id\":\"https:\/\/coparmexmorelos.org\/#\/schema\/person\/3887d0383b934ae108611aa9946bc7d8\",\"name\":\"admin\",\"image\":{\"@type\":\"ImageObject\",\"inLanguage\":\"en-US\",\"@id\":\"https:\/\/coparmexmorelos.org\/#\/schema\/person\/image\/\",\"url\":\"https:\/\/secure.gravatar.com\/avatar\/4d4c93266e2b5a580c331f0f44a830c851e844c7d941bf592cb74481195685f6?s=96&d=mm&r=g\",\"contentUrl\":\"https:\/\/secure.gravatar.com\/avatar\/4d4c93266e2b5a580c331f0f44a830c851e844c7d941bf592cb74481195685f6?s=96&d=mm&r=g\",\"caption\":\"admin\"},\"sameAs\":[\"https:\/\/coparmexmorelos.org\"],\"url\":\"https:\/\/coparmexmorelos.org\/index.php\/author\/root_443ssh93_coparmex\/\"}]}<\/script>\n<!-- \/ Yoast SEO plugin. -->","yoast_head_json":{"title":"\u00c1lamos: el debate no es derecha o izquierda, sino dictadura o libertad - COPARMEX MORELOS","robots":{"index":"index","follow":"follow","max-snippet":"max-snippet:-1","max-image-preview":"max-image-preview:large","max-video-preview":"max-video-preview:-1"},"canonical":"https:\/\/coparmexmorelos.org\/index.php\/2024\/03\/04\/alamos-el-debate-no-es-derecha-o-izquierda-sino-dictadura-o-libertad\/","og_locale":"en_US","og_type":"article","og_title":"\u00c1lamos: el debate no es derecha o izquierda, sino dictadura o libertad - COPARMEX MORELOS","og_description":"\u00c1LAMOS, Sonora.- En esta poblaci\u00f3n, que en alguna \u00e9poca fue capital del Estado de Occidente y que comprend\u00eda los actuales [&hellip;]","og_url":"https:\/\/coparmexmorelos.org\/index.php\/2024\/03\/04\/alamos-el-debate-no-es-derecha-o-izquierda-sino-dictadura-o-libertad\/","og_site_name":"COPARMEX MORELOS","article_published_time":"2024-03-04T23:33:17+00:00","og_image":[{"width":1024,"height":434,"url":"https:\/\/coparmexmorelos.org\/wp-content\/uploads\/2024\/03\/Articulo_ElFinanciero_Benito_Solis_web-1-1024x434-1.jpg","type":"image\/jpeg"}],"author":"admin","twitter_card":"summary_large_image","twitter_misc":{"Written by":"admin","Est. reading time":"3 minutes"},"schema":{"@context":"https:\/\/schema.org","@graph":[{"@type":"Article","@id":"https:\/\/coparmexmorelos.org\/index.php\/2024\/03\/04\/alamos-el-debate-no-es-derecha-o-izquierda-sino-dictadura-o-libertad\/#article","isPartOf":{"@id":"https:\/\/coparmexmorelos.org\/index.php\/2024\/03\/04\/alamos-el-debate-no-es-derecha-o-izquierda-sino-dictadura-o-libertad\/"},"author":{"name":"admin","@id":"https:\/\/coparmexmorelos.org\/#\/schema\/person\/3887d0383b934ae108611aa9946bc7d8"},"headline":"\u00c1lamos: el debate no es derecha o izquierda, sino dictadura o libertad","datePublished":"2024-03-04T23:33:17+00:00","dateModified":"2024-03-04T23:33:17+00:00","mainEntityOfPage":{"@id":"https:\/\/coparmexmorelos.org\/index.php\/2024\/03\/04\/alamos-el-debate-no-es-derecha-o-izquierda-sino-dictadura-o-libertad\/"},"wordCount":673,"commentCount":0,"publisher":{"@id":"https:\/\/coparmexmorelos.org\/#organization"},"inLanguage":"en-US","potentialAction":[{"@type":"CommentAction","name":"Comment","target":["https:\/\/coparmexmorelos.org\/index.php\/2024\/03\/04\/alamos-el-debate-no-es-derecha-o-izquierda-sino-dictadura-o-libertad\/#respond"]}]},{"@type":"WebPage","@id":"https:\/\/coparmexmorelos.org\/index.php\/2024\/03\/04\/alamos-el-debate-no-es-derecha-o-izquierda-sino-dictadura-o-libertad\/","url":"https:\/\/coparmexmorelos.org\/index.php\/2024\/03\/04\/alamos-el-debate-no-es-derecha-o-izquierda-sino-dictadura-o-libertad\/","name":"\u00c1lamos: el debate no es derecha o izquierda, sino dictadura o libertad - COPARMEX MORELOS","isPartOf":{"@id":"https:\/\/coparmexmorelos.org\/#website"},"datePublished":"2024-03-04T23:33:17+00:00","dateModified":"2024-03-04T23:33:17+00:00","breadcrumb":{"@id":"https:\/\/coparmexmorelos.org\/index.php\/2024\/03\/04\/alamos-el-debate-no-es-derecha-o-izquierda-sino-dictadura-o-libertad\/#breadcrumb"},"inLanguage":"en-US","potentialAction":[{"@type":"ReadAction","target":["https:\/\/coparmexmorelos.org\/index.php\/2024\/03\/04\/alamos-el-debate-no-es-derecha-o-izquierda-sino-dictadura-o-libertad\/"]}]},{"@type":"BreadcrumbList","@id":"https:\/\/coparmexmorelos.org\/index.php\/2024\/03\/04\/alamos-el-debate-no-es-derecha-o-izquierda-sino-dictadura-o-libertad\/#breadcrumb","itemListElement":[{"@type":"ListItem","position":1,"name":"Home","item":"https:\/\/coparmexmorelos.org\/"},{"@type":"ListItem","position":2,"name":"\u00c1lamos: el debate no es derecha o izquierda, sino dictadura o libertad"}]},{"@type":"WebSite","@id":"https:\/\/coparmexmorelos.org\/#website","url":"https:\/\/coparmexmorelos.org\/","name":"COPARMEX MORELOS","description":"","publisher":{"@id":"https:\/\/coparmexmorelos.org\/#organization"},"potentialAction":[{"@type":"SearchAction","target":{"@type":"EntryPoint","urlTemplate":"https:\/\/coparmexmorelos.org\/?s={search_term_string}"},"query-input":"required name=search_term_string"}],"inLanguage":"en-US"},{"@type":"Organization","@id":"https:\/\/coparmexmorelos.org\/#organization","name":"COPARMEX MORELOS","url":"https:\/\/coparmexmorelos.org\/","logo":{"@type":"ImageObject","inLanguage":"en-US","@id":"https:\/\/coparmexmorelos.org\/#\/schema\/logo\/image\/","url":"https:\/\/coparmexmorelos.org\/wp-content\/uploads\/2024\/03\/Logo-coparmex.png","contentUrl":"https:\/\/coparmexmorelos.org\/wp-content\/uploads\/2024\/03\/Logo-coparmex.png","width":1728,"height":329,"caption":"COPARMEX MORELOS"},"image":{"@id":"https:\/\/coparmexmorelos.org\/#\/schema\/logo\/image\/"}},{"@type":"Person","@id":"https:\/\/coparmexmorelos.org\/#\/schema\/person\/3887d0383b934ae108611aa9946bc7d8","name":"admin","image":{"@type":"ImageObject","inLanguage":"en-US","@id":"https:\/\/coparmexmorelos.org\/#\/schema\/person\/image\/","url":"https:\/\/secure.gravatar.com\/avatar\/4d4c93266e2b5a580c331f0f44a830c851e844c7d941bf592cb74481195685f6?s=96&d=mm&r=g","contentUrl":"https:\/\/secure.gravatar.com\/avatar\/4d4c93266e2b5a580c331f0f44a830c851e844c7d941bf592cb74481195685f6?s=96&d=mm&r=g","caption":"admin"},"sameAs":["https:\/\/coparmexmorelos.org"],"url":"https:\/\/coparmexmorelos.org\/index.php\/author\/root_443ssh93_coparmex\/"}]}},"_links":{"self":[{"href":"https:\/\/coparmexmorelos.org\/index.php\/wp-json\/wp\/v2\/posts\/121","targetHints":{"allow":["GET"]}}],"collection":[{"href":"https:\/\/coparmexmorelos.org\/index.php\/wp-json\/wp\/v2\/posts"}],"about":[{"href":"https:\/\/coparmexmorelos.org\/index.php\/wp-json\/wp\/v2\/types\/post"}],"author":[{"embeddable":true,"href":"https:\/\/coparmexmorelos.org\/index.php\/wp-json\/wp\/v2\/users\/1"}],"replies":[{"embeddable":true,"href":"https:\/\/coparmexmorelos.org\/index.php\/wp-json\/wp\/v2\/comments?post=121"}],"version-history":[{"count":1,"href":"https:\/\/coparmexmorelos.org\/index.php\/wp-json\/wp\/v2\/posts\/121\/revisions"}],"predecessor-version":[{"id":123,"href":"https:\/\/coparmexmorelos.org\/index.php\/wp-json\/wp\/v2\/posts\/121\/revisions\/123"}],"wp:featuredmedia":[{"embeddable":true,"href":"https:\/\/coparmexmorelos.org\/index.php\/wp-json\/wp\/v2\/media\/122"}],"wp:attachment":[{"href":"https:\/\/coparmexmorelos.org\/index.php\/wp-json\/wp\/v2\/media?parent=121"}],"wp:term":[{"taxonomy":"category","embeddable":true,"href":"https:\/\/coparmexmorelos.org\/index.php\/wp-json\/wp\/v2\/categories?post=121"},{"taxonomy":"post_tag","embeddable":true,"href":"https:\/\/coparmexmorelos.org\/index.php\/wp-json\/wp\/v2\/tags?post=121"}],"curies":[{"name":"wp","href":"https:\/\/api.w.org\/{rel}","templated":true}]}}